{"id":98129,"date":"2021-10-08T09:01:40","date_gmt":"2021-10-08T08:01:40","guid":{"rendered":"https:\/\/www.flad.pt\/flad-science-award-mental-health-1st-phase\/"},"modified":"2021-10-08T11:12:15","modified_gmt":"2021-10-08T10:12:15","slug":"flad-science-award-mental-health-1st-phase","status":"publish","type":"post","link":"https:\/\/www.flad.pt\/en\/flad-science-award-mental-health-1st-phase\/","title":{"rendered":"FLAD Science Award Mental Health new edition"},"content":{"rendered":"<h3>As part of the World Mental Health Day, which takes place on October 10, FLAD launches the 2nd edition of <strong>the Science Award Mental Health, the largest award to support mental health research in Portugal.<\/strong> The winner will be awarded <strong>300,000 euros to develop their project. <\/strong>This initiative is recognized by the <a href=\"https:\/\/www.sns.gov.pt\/institucional\/ministerio-da-saude\/\">Minister of Health,<\/a> <a href=\"https:\/\/www.who.int\/eportuguese\/publications\/pt\/\">World Health Organization<\/a> and <a href=\"https:\/\/unric.org\/pt\/\">United Nations.<\/a><\/h3>\n<p>The impact of the mental health pandemic on populations was devastating. After decades of alertness, this is an issue that has finally become central in the words of leaders around the world, and a key issue in any analysis of the impact of the pandemic. If it used to be urgent, now it&#8217;s critical. <a href=\"https:\/\/www.flad.pt\/porque-300-mil-euros-para-um-premio-de-saude-mental\/\">It has become even more evident to all of us that it is crucial to value Mental Health and to fight the stigma with which mental disorders are associated.<\/a> For all these reasons and not only, FLAD has taken the lead and created what is the highest scientific award in this field in our country.<\/p>\n<h3><strong>Promote clinical research on Mental Health in Portugal.<\/strong><\/h3>\n<p class=\"null\"><strong>The FLAD Science Award Mental Health,<\/strong> the largest scientific award for Mental Health in Portugal, aims to support clinical research projects of young <strong>psychologists, psychiatrists, family doctors, neurologists, and other professionals in this area,<\/strong>in Portugal, with the cooperation of the United States<strong>.<\/strong><\/p>\n<p class=\"null\">But also to contribute to the quality of life of patients, at a time when the needs around Mental Health are even more evident.<\/p>\n<h3><strong>Key research areas for<\/strong> <b>the 2022 edition<\/b><\/h3>\n<p>The focus is on developing <strong>new<\/strong> clinical approaches, which can be dedicated from prevention to treatment and rehabilitation. The idea is that these approaches reflect a better understanding of the impact of different factors \u2013 <strong>biological, life experiences, family history, epidemiological, among others<\/strong> \u2013 on the development of mental disorders.<\/p>\n<h3><strong>Award<\/strong><\/h3>\n<p>The award has a value <strong>of 300.000 euros,<\/strong> for a <strong>maximum of 3 years,<\/strong> which corresponds <strong>to 100.000\/year.<\/strong><\/p>\n<h3><strong>Jury<\/strong><\/h3>\n<p>The evaluation shall be carried out by a scientific committee composed of:<\/p>\n<ul>\n<li><strong>Catarina Resende de Oliveira<\/strong> (Past Director of the Center for Neurosciences and Cell Biology and Full Professor at the <a href=\"https:\/\/www.uc.pt\/fmuc\">Faculty of Medicine, University of Coimbra<\/a>; President of the <a href=\"http:\/\/www.cnbc.pt\/Default.asp?lg=1\">\u201cAg\u00eancia para a Investiga\u00e7\u00e3o Cl\u00ednica e Inova\u00e7\u00e3o Biom\u00e9dica\u201d<\/a>, AICIB, Portugal).<\/li>\n<li><strong>Miguel Xavier<\/strong> (Director of the <a href=\"https:\/\/www.sns.gov.pt\/institucional\/programas-de-saude-prioritarios\/programa-nacional-para-a-saude-mental\/\">National Program for Mental Health (DGS)<\/a>, Psychiatrist at \u201c<a href=\"https:\/\/www.chlo.min-saude.pt\/\">Centro Hospitalar de Lisboa Ocidental<\/a>\u201d and Full Professor of Mental Health at \u201c<a href=\"http:\/\/www.nms.unl.pt\/main\/index.php?lang=pt\">NOVA Medical School<\/a>\u201d, NOVA University of Lisbon).<\/li>\n<li><strong>Margaret Lan\u00e7a<\/strong> (Director of Adult Neuropsychology and Psychological Testing and Training, <a href=\"https:\/\/www.challiance.org\/\">Cambridge Health Alliance<\/a>, Assistant Professor of Psychology, Department of <a href=\"https:\/\/hms.harvard.edu\/\">Psychiatry, Harvard Medical School<\/a>, President, <a href=\"https:\/\/www.masspsych.org\/\">Massachusetts Psychological Association<\/a><\/li>\n<\/ul>\n<h3><strong>Candidates profile<\/strong><\/h3>\n<ul>\n<li>Hold a PhD, maximum 8 years ago at the opening date of the open call. Those who have completed their PhD on or after November 1, 2013 are eligible.<\/li>\n<li>To be associated with a research center recognized by <a href=\"https:\/\/www.fct.pt\/\">FCT (Funda\u00e7\u00e3o para a Ci\u00eancia e Tecnologia)<\/a> in the field of Mental Health and clinical research.<\/li>\n<li>Have the support of the health unit and research center associated with the research plan.<\/li>\n<li>Research in Portugal, independently, autonomously, and with scientific quality.<\/li>\n<li>Include a research interaction with a United States entity.<\/li>\n<\/ul>\n<h3><strong>Selection<\/strong><\/h3>\n<p>The prize will be awarded after an analysis of a <strong>two-stage application<\/strong>:<\/p>\n<ul>\n<li><strong>Phase 1:<\/strong> The first phase of applications opens between November 1 and <strong>November 30, 2021,<\/strong> focusing on the evaluation in the scientific and professional curriculum of the candidate, and on the main ideas presented in the research proposal.<\/li>\n<li><strong>Phase 2:<\/strong> The best-qualified candidates in the first round are invited to participate in the second phase of the application. The proposal for the research plan for the 3 years of duration of the <strong>prize, between January 15 and February 15, 2022.<\/strong> A final interview can also be anticipated.<\/li>\n<\/ul>\n<p>The final results will be known <strong style=\"text-align: center; font-family: -apple-system, BlinkMacSystemFont, 'Segoe UI', Roboto, Oxygen-Sans, Ubuntu, Cantarell, 'Helvetica Neue', sans-serif;\">on 31 March 2022.<\/strong><\/p>\n<h3><strong>Applications<\/strong><\/h3>\n<p>For the first stage of the application, it is necessary to attach the <a href=\"https:\/\/www.flad.pt\/wp-content\/uploads\/2021\/10\/Applicant-Biosketch.pdf\">Applicant Biosketch<\/a> form.<\/p>\n<p>We advise you to read the notice of this open call (<a href=\"https:\/\/www.flad.pt\/wp-content\/uploads\/2020\/10\/EDITAL-FLAD-Science-Award-Mental-Health-2022.pdf\">Notice &#8211; FLAD Science Award Mental Health<\/a>), where you can find all the details about the award.<\/p>\n<p>Any question related to the prize or the application process, please email <a href=\"mailto:fatima.fonseca@flad.pt\">fatima.fonseca@flad.pt<\/a><\/p>\n<h3><strong>Follow us through this website and our social media to stay briefed about the selection process.<\/strong><\/h3>\n","protected":false},"excerpt":{"rendered":"<p>For young psychologists, psychiatrists, neurologists and other professionals in this field in Portugal who want to carry out clinical research in Mental Health. <\/p>\n","protected":false},"author":9,"featured_media":98140,"comment_status":"closed","ping_status":"open","sticky":false,"template":"","format":"image","meta":{"footnotes":"","_links_to":"","_links_to_target":""},"categories":[803,421,430],"tags":[445,521,719,754,416,431,433,434,444],"ppma_author":[1204],"class_list":["post-98129","post","type-post","status-publish","format-image","has-post-thumbnail","hentry","category-opportunities-flad","category-flad-ciencia-e-tecnologia","category-awards-science-and-technology","tag-2000-en","tag-investigacao-en","tag-mental-health","tag-mental-health-en","tag-flad-2000","tag-scientific-award","tag-research","tag-science-award-en","tag-flad-en","post_format-post-format-image"],"yoast_head":"<!-- This site is optimized with the Yoast SEO plugin v26.7 - https:\/\/yoast.com\/wordpress\/plugins\/seo\/ -->\n<title>FLAD Science Award Mental Health new edition - FLAD<\/title>\n<meta name=\"description\" content=\"For young psychologists, psychiatrists, neurologists, and other professionals in this field, in Portugal, who wish to conduct clinical research in Mental Health.\" \/>\n<meta name=\"robots\" content=\"index, follow, max-snippet:-1, max-image-preview:large, max-video-preview:-1\" \/>\n<link rel=\"canonical\" href=\"https:\/\/www.flad.pt\/en\/flad-science-award-mental-health-1st-phase\/\" \/>\n<meta property=\"og:locale\" content=\"en_US\" \/>\n<meta property=\"og:type\" content=\"article\" \/>\n<meta property=\"og:title\" content=\"FLAD Science Award Mental Health new edition - FLAD\" \/>\n<meta property=\"og:description\" content=\"For young psychologists, psychiatrists, neurologists, and other professionals in this field, in Portugal, who wish to conduct clinical research in Mental Health.\" \/>\n<meta property=\"og:url\" content=\"https:\/\/www.flad.pt\/en\/flad-science-award-mental-health-1st-phase\/\" \/>\n<meta property=\"og:site_name\" content=\"FLAD\" \/>\n<meta property=\"article:publisher\" content=\"https:\/\/www.facebook.com\/FundacaoLusoAmericana\" \/>\n<meta property=\"article:published_time\" content=\"2021-10-08T08:01:40+00:00\" \/>\n<meta property=\"article:modified_time\" content=\"2021-10-08T10:12:15+00:00\" \/>\n<meta property=\"og:image\" content=\"https:\/\/www.flad.pt\/wp-content\/uploads\/2021\/10\/FSA_coverartigo.jpg\" \/>\n\t<meta property=\"og:image:width\" content=\"1080\" \/>\n\t<meta property=\"og:image:height\" content=\"810\" \/>\n\t<meta property=\"og:image:type\" content=\"image\/jpeg\" \/>\n<meta name=\"author\" content=\"In\u00eas Braizinha\" \/>\n<meta name=\"twitter:card\" content=\"summary_large_image\" \/>\n<meta name=\"twitter:creator\" content=\"@FLAD_PT\" \/>\n<meta name=\"twitter:site\" content=\"@FLAD_PT\" \/>\n<meta name=\"twitter:label1\" content=\"Written by\" \/>\n\t<meta name=\"twitter:data1\" content=\"In\u00eas Braizinha\" \/>\n\t<meta name=\"twitter:label2\" content=\"Est. reading time\" \/>\n\t<meta name=\"twitter:data2\" content=\"4 minutes\" \/>\n<script type=\"application\/ld+json\" class=\"yoast-schema-graph\">{\"@context\":\"https:\/\/schema.org\",\"@graph\":[{\"@type\":\"Article\",\"@id\":\"https:\/\/www.flad.pt\/en\/flad-science-award-mental-health-1st-phase\/#article\",\"isPartOf\":{\"@id\":\"https:\/\/www.flad.pt\/en\/flad-science-award-mental-health-1st-phase\/\"},\"author\":{\"name\":\"In\u00eas Braizinha\",\"@id\":\"https:\/\/www.flad.pt\/en\/#\/schema\/person\/fe2edaacae709db5a4eb9e763a2ffbbc\"},\"headline\":\"FLAD Science Award Mental Health new edition\",\"datePublished\":\"2021-10-08T08:01:40+00:00\",\"dateModified\":\"2021-10-08T10:12:15+00:00\",\"mainEntityOfPage\":{\"@id\":\"https:\/\/www.flad.pt\/en\/flad-science-award-mental-health-1st-phase\/\"},\"wordCount\":703,\"publisher\":{\"@id\":\"https:\/\/www.flad.pt\/en\/#organization\"},\"image\":{\"@id\":\"https:\/\/www.flad.pt\/en\/flad-science-award-mental-health-1st-phase\/#primaryimage\"},\"thumbnailUrl\":\"https:\/\/www.flad.pt\/wp-content\/uploads\/2021\/10\/FSA_coverartigo.jpg\",\"keywords\":[\"2000\",\"Investiga\u00e7\u00e3o\",\"mental health\",\"mental health\",\"flad, 2000\",\"Scientific Award\",\"Research\",\"Science Award\",\"flad\"],\"articleSection\":[\"Opportunities FLAD\",\"@FLAD - Ci\u00eancia e Tecnologia\",\"Awards - Science and Technology\"],\"inLanguage\":\"en-US\"},{\"@type\":\"WebPage\",\"@id\":\"https:\/\/www.flad.pt\/en\/flad-science-award-mental-health-1st-phase\/\",\"url\":\"https:\/\/www.flad.pt\/en\/flad-science-award-mental-health-1st-phase\/\",\"name\":\"FLAD Science Award Mental Health new edition - FLAD\",\"isPartOf\":{\"@id\":\"https:\/\/www.flad.pt\/en\/#website\"},\"primaryImageOfPage\":{\"@id\":\"https:\/\/www.flad.pt\/en\/flad-science-award-mental-health-1st-phase\/#primaryimage\"},\"image\":{\"@id\":\"https:\/\/www.flad.pt\/en\/flad-science-award-mental-health-1st-phase\/#primaryimage\"},\"thumbnailUrl\":\"https:\/\/www.flad.pt\/wp-content\/uploads\/2021\/10\/FSA_coverartigo.jpg\",\"datePublished\":\"2021-10-08T08:01:40+00:00\",\"dateModified\":\"2021-10-08T10:12:15+00:00\",\"description\":\"For young psychologists, psychiatrists, neurologists, and other professionals in this field, in Portugal, who wish to conduct clinical research in Mental Health.\",\"breadcrumb\":{\"@id\":\"https:\/\/www.flad.pt\/en\/flad-science-award-mental-health-1st-phase\/#breadcrumb\"},\"inLanguage\":\"en-US\",\"potentialAction\":[{\"@type\":\"ReadAction\",\"target\":[\"https:\/\/www.flad.pt\/en\/flad-science-award-mental-health-1st-phase\/\"]}]},{\"@type\":\"ImageObject\",\"inLanguage\":\"en-US\",\"@id\":\"https:\/\/www.flad.pt\/en\/flad-science-award-mental-health-1st-phase\/#primaryimage\",\"url\":\"https:\/\/www.flad.pt\/wp-content\/uploads\/2021\/10\/FSA_coverartigo.jpg\",\"contentUrl\":\"https:\/\/www.flad.pt\/wp-content\/uploads\/2021\/10\/FSA_coverartigo.jpg\",\"width\":1080,\"height\":810},{\"@type\":\"BreadcrumbList\",\"@id\":\"https:\/\/www.flad.pt\/en\/flad-science-award-mental-health-1st-phase\/#breadcrumb\",\"itemListElement\":[{\"@type\":\"ListItem\",\"position\":1,\"name\":\"In\u00edcio\",\"item\":\"https:\/\/www.flad.pt\/en\/\"},{\"@type\":\"ListItem\",\"position\":2,\"name\":\"FLAD Science Award Mental Health new edition\"}]},{\"@type\":\"WebSite\",\"@id\":\"https:\/\/www.flad.pt\/en\/#website\",\"url\":\"https:\/\/www.flad.pt\/en\/\",\"name\":\"FLAD\",\"description\":\"Funda\u00e7\u00e3o Luso-Americana para o Desenvolvimento\",\"publisher\":{\"@id\":\"https:\/\/www.flad.pt\/en\/#organization\"},\"potentialAction\":[{\"@type\":\"SearchAction\",\"target\":{\"@type\":\"EntryPoint\",\"urlTemplate\":\"https:\/\/www.flad.pt\/en\/?s={search_term_string}\"},\"query-input\":{\"@type\":\"PropertyValueSpecification\",\"valueRequired\":true,\"valueName\":\"search_term_string\"}}],\"inLanguage\":\"en-US\"},{\"@type\":\"Organization\",\"@id\":\"https:\/\/www.flad.pt\/en\/#organization\",\"name\":\"FLAD\",\"url\":\"https:\/\/www.flad.pt\/en\/\",\"logo\":{\"@type\":\"ImageObject\",\"inLanguage\":\"en-US\",\"@id\":\"https:\/\/www.flad.pt\/en\/#\/schema\/logo\/image\/\",\"url\":\"https:\/\/www.flad.pt\/wp-content\/uploads\/2019\/11\/flad_vermelho.jpg\",\"contentUrl\":\"https:\/\/www.flad.pt\/wp-content\/uploads\/2019\/11\/flad_vermelho.jpg\",\"width\":1024,\"height\":1024,\"caption\":\"FLAD\"},\"image\":{\"@id\":\"https:\/\/www.flad.pt\/en\/#\/schema\/logo\/image\/\"},\"sameAs\":[\"https:\/\/www.facebook.com\/FundacaoLusoAmericana\",\"https:\/\/x.com\/FLAD_PT\",\"https:\/\/www.linkedin.com\/company\/fundacao-luso-americana-flad-\/\",\"https:\/\/www.youtube.com\/channel\/UCzy4add3qeIFfJB4bmC9Dog\"]},{\"@type\":\"Person\",\"@id\":\"https:\/\/www.flad.pt\/en\/#\/schema\/person\/fe2edaacae709db5a4eb9e763a2ffbbc\",\"name\":\"In\u00eas Braizinha\",\"image\":{\"@type\":\"ImageObject\",\"inLanguage\":\"en-US\",\"@id\":\"https:\/\/www.flad.pt\/en\/#\/schema\/person\/image\/522284c375ada78dbdfe20c2235f7229\",\"url\":\"https:\/\/secure.gravatar.com\/avatar\/08aa222dc904e2e520e583473d9e23e5452f770f49e5bbcb0fe6b5fb6c9f60e0?s=96&d=mm&r=g\",\"contentUrl\":\"https:\/\/secure.gravatar.com\/avatar\/08aa222dc904e2e520e583473d9e23e5452f770f49e5bbcb0fe6b5fb6c9f60e0?s=96&d=mm&r=g\",\"caption\":\"In\u00eas Braizinha\"}}]}<\/script>\n<!-- \/ Yoast SEO plugin. -->","yoast_head_json":{"title":"FLAD Science Award Mental Health new edition - FLAD","description":"For young psychologists, psychiatrists, neurologists, and other professionals in this field, in Portugal, who wish to conduct clinical research in Mental Health.","robots":{"index":"index","follow":"follow","max-snippet":"max-snippet:-1","max-image-preview":"max-image-preview:large","max-video-preview":"max-video-preview:-1"},"canonical":"https:\/\/www.flad.pt\/en\/flad-science-award-mental-health-1st-phase\/","og_locale":"en_US","og_type":"article","og_title":"FLAD Science Award Mental Health new edition - FLAD","og_description":"For young psychologists, psychiatrists, neurologists, and other professionals in this field, in Portugal, who wish to conduct clinical research in Mental Health.","og_url":"https:\/\/www.flad.pt\/en\/flad-science-award-mental-health-1st-phase\/","og_site_name":"FLAD","article_publisher":"https:\/\/www.facebook.com\/FundacaoLusoAmericana","article_published_time":"2021-10-08T08:01:40+00:00","article_modified_time":"2021-10-08T10:12:15+00:00","og_image":[{"width":1080,"height":810,"url":"https:\/\/www.flad.pt\/wp-content\/uploads\/2021\/10\/FSA_coverartigo.jpg","type":"image\/jpeg"}],"author":"In\u00eas Braizinha","twitter_card":"summary_large_image","twitter_creator":"@FLAD_PT","twitter_site":"@FLAD_PT","twitter_misc":{"Written by":"In\u00eas Braizinha","Est. reading time":"4 minutes"},"schema":{"@context":"https:\/\/schema.org","@graph":[{"@type":"Article","@id":"https:\/\/www.flad.pt\/en\/flad-science-award-mental-health-1st-phase\/#article","isPartOf":{"@id":"https:\/\/www.flad.pt\/en\/flad-science-award-mental-health-1st-phase\/"},"author":{"name":"In\u00eas Braizinha","@id":"https:\/\/www.flad.pt\/en\/#\/schema\/person\/fe2edaacae709db5a4eb9e763a2ffbbc"},"headline":"FLAD Science Award Mental Health new edition","datePublished":"2021-10-08T08:01:40+00:00","dateModified":"2021-10-08T10:12:15+00:00","mainEntityOfPage":{"@id":"https:\/\/www.flad.pt\/en\/flad-science-award-mental-health-1st-phase\/"},"wordCount":703,"publisher":{"@id":"https:\/\/www.flad.pt\/en\/#organization"},"image":{"@id":"https:\/\/www.flad.pt\/en\/flad-science-award-mental-health-1st-phase\/#primaryimage"},"thumbnailUrl":"https:\/\/www.flad.pt\/wp-content\/uploads\/2021\/10\/FSA_coverartigo.jpg","keywords":["2000","Investiga\u00e7\u00e3o","mental health","mental health","flad, 2000","Scientific Award","Research","Science Award","flad"],"articleSection":["Opportunities FLAD","@FLAD - Ci\u00eancia e Tecnologia","Awards - Science and Technology"],"inLanguage":"en-US"},{"@type":"WebPage","@id":"https:\/\/www.flad.pt\/en\/flad-science-award-mental-health-1st-phase\/","url":"https:\/\/www.flad.pt\/en\/flad-science-award-mental-health-1st-phase\/","name":"FLAD Science Award Mental Health new edition - FLAD","isPartOf":{"@id":"https:\/\/www.flad.pt\/en\/#website"},"primaryImageOfPage":{"@id":"https:\/\/www.flad.pt\/en\/flad-science-award-mental-health-1st-phase\/#primaryimage"},"image":{"@id":"https:\/\/www.flad.pt\/en\/flad-science-award-mental-health-1st-phase\/#primaryimage"},"thumbnailUrl":"https:\/\/www.flad.pt\/wp-content\/uploads\/2021\/10\/FSA_coverartigo.jpg","datePublished":"2021-10-08T08:01:40+00:00","dateModified":"2021-10-08T10:12:15+00:00","description":"For young psychologists, psychiatrists, neurologists, and other professionals in this field, in Portugal, who wish to conduct clinical research in Mental Health.","breadcrumb":{"@id":"https:\/\/www.flad.pt\/en\/flad-science-award-mental-health-1st-phase\/#breadcrumb"},"inLanguage":"en-US","potentialAction":[{"@type":"ReadAction","target":["https:\/\/www.flad.pt\/en\/flad-science-award-mental-health-1st-phase\/"]}]},{"@type":"ImageObject","inLanguage":"en-US","@id":"https:\/\/www.flad.pt\/en\/flad-science-award-mental-health-1st-phase\/#primaryimage","url":"https:\/\/www.flad.pt\/wp-content\/uploads\/2021\/10\/FSA_coverartigo.jpg","contentUrl":"https:\/\/www.flad.pt\/wp-content\/uploads\/2021\/10\/FSA_coverartigo.jpg","width":1080,"height":810},{"@type":"BreadcrumbList","@id":"https:\/\/www.flad.pt\/en\/flad-science-award-mental-health-1st-phase\/#breadcrumb","itemListElement":[{"@type":"ListItem","position":1,"name":"In\u00edcio","item":"https:\/\/www.flad.pt\/en\/"},{"@type":"ListItem","position":2,"name":"FLAD Science Award Mental Health new edition"}]},{"@type":"WebSite","@id":"https:\/\/www.flad.pt\/en\/#website","url":"https:\/\/www.flad.pt\/en\/","name":"FLAD","description":"Funda\u00e7\u00e3o Luso-Americana para o Desenvolvimento","publisher":{"@id":"https:\/\/www.flad.pt\/en\/#organization"},"potentialAction":[{"@type":"SearchAction","target":{"@type":"EntryPoint","urlTemplate":"https:\/\/www.flad.pt\/en\/?s={search_term_string}"},"query-input":{"@type":"PropertyValueSpecification","valueRequired":true,"valueName":"search_term_string"}}],"inLanguage":"en-US"},{"@type":"Organization","@id":"https:\/\/www.flad.pt\/en\/#organization","name":"FLAD","url":"https:\/\/www.flad.pt\/en\/","logo":{"@type":"ImageObject","inLanguage":"en-US","@id":"https:\/\/www.flad.pt\/en\/#\/schema\/logo\/image\/","url":"https:\/\/www.flad.pt\/wp-content\/uploads\/2019\/11\/flad_vermelho.jpg","contentUrl":"https:\/\/www.flad.pt\/wp-content\/uploads\/2019\/11\/flad_vermelho.jpg","width":1024,"height":1024,"caption":"FLAD"},"image":{"@id":"https:\/\/www.flad.pt\/en\/#\/schema\/logo\/image\/"},"sameAs":["https:\/\/www.facebook.com\/FundacaoLusoAmericana","https:\/\/x.com\/FLAD_PT","https:\/\/www.linkedin.com\/company\/fundacao-luso-americana-flad-\/","https:\/\/www.youtube.com\/channel\/UCzy4add3qeIFfJB4bmC9Dog"]},{"@type":"Person","@id":"https:\/\/www.flad.pt\/en\/#\/schema\/person\/fe2edaacae709db5a4eb9e763a2ffbbc","name":"In\u00eas Braizinha","image":{"@type":"ImageObject","inLanguage":"en-US","@id":"https:\/\/www.flad.pt\/en\/#\/schema\/person\/image\/522284c375ada78dbdfe20c2235f7229","url":"https:\/\/secure.gravatar.com\/avatar\/08aa222dc904e2e520e583473d9e23e5452f770f49e5bbcb0fe6b5fb6c9f60e0?s=96&d=mm&r=g","contentUrl":"https:\/\/secure.gravatar.com\/avatar\/08aa222dc904e2e520e583473d9e23e5452f770f49e5bbcb0fe6b5fb6c9f60e0?s=96&d=mm&r=g","caption":"In\u00eas Braizinha"}}]}},"authors":[{"term_id":1204,"user_id":9,"is_guest":0,"slug":"ines-braizinha","display_name":"In\u00eas Braizinha","avatar_url":"https:\/\/secure.gravatar.com\/avatar\/08aa222dc904e2e520e583473d9e23e5452f770f49e5bbcb0fe6b5fb6c9f60e0?s=96&d=mm&r=g","author_category":"","first_name":"In\u00eas Braizinha","last_name":"","user_url":"","job_title":"","description":""}],"_links":{"self":[{"href":"https:\/\/www.flad.pt\/en\/wp-json\/wp\/v2\/posts\/98129","targetHints":{"allow":["GET"]}}],"collection":[{"href":"https:\/\/www.flad.pt\/en\/wp-json\/wp\/v2\/posts"}],"about":[{"href":"https:\/\/www.flad.pt\/en\/wp-json\/wp\/v2\/types\/post"}],"author":[{"embeddable":true,"href":"https:\/\/www.flad.pt\/en\/wp-json\/wp\/v2\/users\/9"}],"replies":[{"embeddable":true,"href":"https:\/\/www.flad.pt\/en\/wp-json\/wp\/v2\/comments?post=98129"}],"version-history":[{"count":0,"href":"https:\/\/www.flad.pt\/en\/wp-json\/wp\/v2\/posts\/98129\/revisions"}],"wp:featuredmedia":[{"embeddable":true,"href":"https:\/\/www.flad.pt\/en\/wp-json\/wp\/v2\/media\/98140"}],"wp:attachment":[{"href":"https:\/\/www.flad.pt\/en\/wp-json\/wp\/v2\/media?parent=98129"}],"wp:term":[{"taxonomy":"category","embeddable":true,"href":"https:\/\/www.flad.pt\/en\/wp-json\/wp\/v2\/categories?post=98129"},{"taxonomy":"post_tag","embeddable":true,"href":"https:\/\/www.flad.pt\/en\/wp-json\/wp\/v2\/tags?post=98129"},{"taxonomy":"author","embeddable":true,"href":"https:\/\/www.flad.pt\/en\/wp-json\/wp\/v2\/ppma_author?post=98129"}],"curies":[{"name":"wp","href":"https:\/\/api.w.org\/{rel}","templated":true}]}}