{"id":103131,"date":"2023-01-25T12:47:37","date_gmt":"2023-01-25T12:47:37","guid":{"rendered":"https:\/\/www.flad.pt\/new-rdusa-2023-grantees\/"},"modified":"2023-01-26T10:49:25","modified_gmt":"2023-01-26T10:49:25","slug":"new-rdusa-2023-grantees","status":"publish","type":"post","link":"https:\/\/www.flad.pt\/en\/new-rdusa-2023-grantees\/","title":{"rendered":"New R&#038;D@USA grantees first semester 2023"},"content":{"rendered":"<h3><strong>Applicants for the grants have already been selected <a href=\"https:\/\/www.flad.pt\/rd-usa\/\">R&amp;D@USA<\/a>.Starting this month, 15 Master&#8217;s, PhD and <em>Junior Researchers<\/em> selected by FLAD will be doing research internships in the USA related to innovative scientific or technological topics.<\/strong><\/h3>\n<p>Congratulations to the 15 new FLAD grantees! Those selected will have the opportunity to conduct research at academic and scientific institutions in various locations in the US.<\/p>\n<p>Find out who the selected students of the first semester of 2023 are and where they will be going in the USA:<\/p>\n<ul>\n<li>Ana Gomes (PhD student, Aquaculture) &#8211; <a href=\"https:\/\/mare.ipleiria.pt\/\">MARE &#8211; Instituto Polit\u00e9cnico de Leiria<\/a>\/<a href=\"https:\/\/www.uri.edu\/\">University of Rhode Island<\/a>;<\/li>\n<li>Ana Marques (Post-Doctoral Researcher, Biology and Genetics) &#8211; <a href=\"http:\/\/www.cesam.ua.pt\/\">CESAM &amp;amp; Departamento de Biologia &#8211; Universidade de Aveiro<\/a>\/<a href=\"https:\/\/www.einsteinmed.edu\/departments\/developmental-molecular-biology\/\">Developmental &amp;amp; Molecular Biology, Albert Einstein College of Medicine<\/a>;<\/li>\n<li>Ana Matilde Silvano (MSc Student, Bioengineering) &#8211; <a href=\"https:\/\/tecnico.ulisboa.pt\/pt\/\">Instituto Superior T\u00e9cnico &#8211; Universidade de Lisboa<\/a>\/<a href=\"https:\/\/www.mayo.edu\/research\/centers-programs\/center-regenerative-biotherapeutics\/about\">Center for Regenerative Biotherapeutics, Mayo Clinic<\/a>;<\/li>\n<li>Ana Rita Varela (MSc Student, Bioengineering) &#8211; <a href=\"https:\/\/tecnico.ulisboa.pt\/pt\/\">Instituto Superior T\u00e9cnico &#8211; Universidade de Lisboa<\/a>\/<a href=\"https:\/\/www.mayo.edu\/research\/centers-programs\/center-regenerative-biotherapeutics\/about\">Center for Regenerative Biotherapeutics, Mayo Clinic<\/a>;<\/li>\n<li>Camila Lobo (PhD student, Philosophy) &#8211; <a href=\"https:\/\/www.fcsh.unl.pt\/\">Faculdade de Ci\u00eancias Sociais e Humanas &#8211; Universidade Nova de Lisboa<\/a>\/<a href=\"https:\/\/www.newschool.edu\/nssr\/philosophy-faculty\/\">Philosophy Department, The New School for Social Research<\/a>;<\/li>\n<li>Carlos Barreto (PhD Student, Health Sciences) &#8211; <a href=\"https:\/\/www.cnc.uc.pt\/pt\">CNC &#8211; Centro de Neuroci\u00eancias e Biologia Celular &#8211; Universidade de Coimbra<\/a>\/<a href=\"https:\/\/icahn.mssm.edu\/\">Icahn School of Medicine at Mount Sinai<\/a>;<\/li>\n<li>Catarina Azevedo (PhD Student, Health Sciences) &#8211; <a href=\"https:\/\/www.i3s.up.pt\/\">i3S &#8211; Instituto de Investiga\u00e7\u00e3o e Inova\u00e7\u00e3o em Sa\u00fade &#8211; Universidade do Porto<\/a>\/<a href=\"https:\/\/www.immunology.pitt.edu\/\">Department of Immunology, University of Pittsburgh<\/a>;<\/li>\n<li>David Carrageta (PhD student, Biomedical Sciences) &#8211; <a href=\"https:\/\/sigarra.up.pt\/icbas\/pt\/uni_geral.unidade_view?pv_unidade=1107\">UMIB &#8211; Unit for Multidisciplinary Research in Biomedicine, Instituto de Ci\u00eancias Biom\u00e9dicas Abel Salazar (ICBAS) &#8211; Universidade do Porto<\/a>\/<a href=\"https:\/\/moffitt.org\/\">Houston Lee Moffitt Cancer Center &amp;amp; Research Institute<\/a>;<\/li>\n<li>Gon\u00e7alo Valente (PhD student, Chemistry) &#8211; <a href=\"https:\/\/www.ciceco.ua.pt\/?language=pt\">CICECO &#8211; Universidade de Aveiro<\/a>\/<a href=\"https:\/\/www.mit.edu\/\">Massachusetts Institute of Technology<\/a>;<\/li>\n<li>Joana Pinheiro (PhD Student, Health Sciences) &#8211; <a href=\"http:\/\/icvs.uminho.pt\/default.aspx\">Life and Health Sciences Research Institute (ICVS) &#8211; Universidade do Minho<\/a>\/<a href=\"https:\/\/benmay.uchicago.edu\/\">The Ben May Department for Cancer Research, The University of Chicago<\/a>;<\/li>\n<li>Jorge Santos (PhD student, Biomedical Engineering) &#8211; <a href=\"https:\/\/tecnico.ulisboa.pt\/pt\/\">Instituto Superior T\u00e9cnico &#8211; Universidade de Lisboa<\/a>\/<a href=\"https:\/\/petitinstitute.gatech.edu\/georgia-tech-and-emory-connection\">Georgia Institute of Technology &amp; Emory University<\/a>;<\/li>\n<li>Maria Rita dos Santos (Master&#8217;s student, Communication Sciences) &#8211; <a href=\"https:\/\/fch.lisboa.ucp.pt\/pt-pt\/homepage\">Faculdade Ci\u00eancias Humanas &#8211; Universidade Cat\u00f3lica Portuguesa<\/a>\/<a href=\"https:\/\/www.bc.edu\/\">Boston College<\/a>;<\/li>\n<li>Maria Vinhas Monteiro (PhD student, Biotechnology) &#8211; <a href=\"https:\/\/www.ciceco.ua.pt\/?language=pt\">CICECO\/Aveiro Institute of Materials &#8211; Universidade de Aveiro<\/a>\/<a href=\"https:\/\/hms.harvard.edu\/affiliates\/brigham-womens-hospital\">Brigham and Women\u2019s Hospital, Harvard Medical School &#8211; Cambridge, MA<\/a>;<\/li>\n<li>Martina Bartolini (PhD student, Marine Sciences) &#8211; <a href=\"https:\/\/www.okeanos.uac.pt\/\">Departamento de Oceanografia e Pescas\/OKEANOS &#8211; Universidade dos A\u00e7ores<\/a>\/<a href=\"https:\/\/ecoevo.bio.uci.edu\/\">Ecology and Evolutionary Biology Department, University of California<\/a>;<\/li>\n<li>Sara Gamelas (PhD student, Chemistry) &#8211; <a href=\"https:\/\/www.ua.pt\/\">LAQV\/REQUIMTE &#8211; Universidade de Aveiro<\/a>\/<a href=\"https:\/\/www.mir.wustl.edu\/\">Department of Radiology, Mallinckrodt Institute of Radiology, Washington University School of Medicine<\/a>.<\/li>\n<\/ul>\n<p><strong>Congratulations! And good job! <img decoding=\"async\" class=\"emoji\" role=\"img\" draggable=\"false\" src=\"https:\/\/s.w.org\/images\/core\/emoji\/14.0.0\/svg\/1f642.svg\" alt=\"?\" \/><\/strong><\/p>\n","protected":false},"excerpt":{"rendered":"<p>The list of selected candidates for the R&amp;D@USA 2023 fellowships is now available. The awardees will be able to conduct research at academic institutions in the US. <\/p>\n","protected":false},"author":9,"featured_media":103127,"comment_status":"closed","ping_status":"open","sticky":false,"template":"","format":"standard","meta":{"footnotes":"","_links_to":"","_links_to_target":""},"categories":[501,803,421],"tags":[445,521,541,416,1001,1002,423,433,444],"ppma_author":[1204],"class_list":["post-103131","post","type-post","status-publish","format-standard","has-post-thumbnail","hentry","category-flad-en","category-opportunities-flad","category-flad-ciencia-e-tecnologia","tag-2000-en","tag-investigacao-en","tag-science","tag-flad-2000","tag-rd-usa-en","tag-innovation","tag-bags","tag-research","tag-flad-en"],"yoast_head":"<!-- This site is optimized with the Yoast SEO plugin v26.7 - https:\/\/yoast.com\/wordpress\/plugins\/seo\/ -->\n<title>New R&amp;D@USA grantees first semester 2023 - FLAD<\/title>\n<meta name=\"description\" content=\"FLAD has already selected the candidates for the R&amp;D@USA 2023 grants that will go to do research in academic institutions in the US.\" \/>\n<meta name=\"robots\" content=\"index, follow, max-snippet:-1, max-image-preview:large, max-video-preview:-1\" \/>\n<link rel=\"canonical\" href=\"https:\/\/www.flad.pt\/en\/new-rdusa-2023-grantees\/\" \/>\n<meta property=\"og:locale\" content=\"en_US\" \/>\n<meta property=\"og:type\" content=\"article\" \/>\n<meta property=\"og:title\" content=\"New R&amp;D@USA grantees first semester 2023 - FLAD\" \/>\n<meta property=\"og:description\" content=\"FLAD has already selected the candidates for the R&amp;D@USA 2023 grants that will go to do research in academic institutions in the US.\" \/>\n<meta property=\"og:url\" content=\"https:\/\/www.flad.pt\/en\/new-rdusa-2023-grantees\/\" \/>\n<meta property=\"og:site_name\" content=\"FLAD\" \/>\n<meta property=\"article:publisher\" content=\"https:\/\/www.facebook.com\/FundacaoLusoAmericana\" \/>\n<meta property=\"article:published_time\" content=\"2023-01-25T12:47:37+00:00\" \/>\n<meta property=\"article:modified_time\" content=\"2023-01-26T10:49:25+00:00\" \/>\n<meta property=\"og:image\" content=\"https:\/\/www.flad.pt\/wp-content\/uploads\/2023\/01\/iStock-1406888053.jpg\" \/>\n\t<meta property=\"og:image:width\" content=\"1254\" \/>\n\t<meta property=\"og:image:height\" content=\"837\" \/>\n\t<meta property=\"og:image:type\" content=\"image\/jpeg\" \/>\n<meta name=\"author\" content=\"In\u00eas Braizinha\" \/>\n<meta name=\"twitter:card\" content=\"summary_large_image\" \/>\n<meta name=\"twitter:creator\" content=\"@FLAD_PT\" \/>\n<meta name=\"twitter:site\" content=\"@FLAD_PT\" \/>\n<meta name=\"twitter:label1\" content=\"Written by\" \/>\n\t<meta name=\"twitter:data1\" content=\"In\u00eas Braizinha\" \/>\n\t<meta name=\"twitter:label2\" content=\"Est. reading time\" \/>\n\t<meta name=\"twitter:data2\" content=\"3 minutes\" \/>\n<script type=\"application\/ld+json\" class=\"yoast-schema-graph\">{\"@context\":\"https:\/\/schema.org\",\"@graph\":[{\"@type\":\"Article\",\"@id\":\"https:\/\/www.flad.pt\/en\/new-rdusa-2023-grantees\/#article\",\"isPartOf\":{\"@id\":\"https:\/\/www.flad.pt\/en\/new-rdusa-2023-grantees\/\"},\"author\":{\"name\":\"In\u00eas Braizinha\",\"@id\":\"https:\/\/www.flad.pt\/en\/#\/schema\/person\/fe2edaacae709db5a4eb9e763a2ffbbc\"},\"headline\":\"New R&#038;D@USA grantees first semester 2023\",\"datePublished\":\"2023-01-25T12:47:37+00:00\",\"dateModified\":\"2023-01-26T10:49:25+00:00\",\"mainEntityOfPage\":{\"@id\":\"https:\/\/www.flad.pt\/en\/new-rdusa-2023-grantees\/\"},\"wordCount\":469,\"publisher\":{\"@id\":\"https:\/\/www.flad.pt\/en\/#organization\"},\"image\":{\"@id\":\"https:\/\/www.flad.pt\/en\/new-rdusa-2023-grantees\/#primaryimage\"},\"thumbnailUrl\":\"https:\/\/www.flad.pt\/wp-content\/uploads\/2023\/01\/iStock-1406888053.jpg\",\"keywords\":[\"2000\",\"Investiga\u00e7\u00e3o\",\"Science\",\"flad, 2000\",\"R&amp;D\/USA\",\"innovation\",\"Bags\",\"Research\",\"flad\"],\"articleSection\":[\"@FLAD\",\"Opportunities FLAD\",\"@FLAD - Ci\u00eancia e Tecnologia\"],\"inLanguage\":\"en-US\"},{\"@type\":\"WebPage\",\"@id\":\"https:\/\/www.flad.pt\/en\/new-rdusa-2023-grantees\/\",\"url\":\"https:\/\/www.flad.pt\/en\/new-rdusa-2023-grantees\/\",\"name\":\"New R&D@USA grantees first semester 2023 - FLAD\",\"isPartOf\":{\"@id\":\"https:\/\/www.flad.pt\/en\/#website\"},\"primaryImageOfPage\":{\"@id\":\"https:\/\/www.flad.pt\/en\/new-rdusa-2023-grantees\/#primaryimage\"},\"image\":{\"@id\":\"https:\/\/www.flad.pt\/en\/new-rdusa-2023-grantees\/#primaryimage\"},\"thumbnailUrl\":\"https:\/\/www.flad.pt\/wp-content\/uploads\/2023\/01\/iStock-1406888053.jpg\",\"datePublished\":\"2023-01-25T12:47:37+00:00\",\"dateModified\":\"2023-01-26T10:49:25+00:00\",\"description\":\"FLAD has already selected the candidates for the R&D@USA 2023 grants that will go to do research in academic institutions in the US.\",\"breadcrumb\":{\"@id\":\"https:\/\/www.flad.pt\/en\/new-rdusa-2023-grantees\/#breadcrumb\"},\"inLanguage\":\"en-US\",\"potentialAction\":[{\"@type\":\"ReadAction\",\"target\":[\"https:\/\/www.flad.pt\/en\/new-rdusa-2023-grantees\/\"]}]},{\"@type\":\"ImageObject\",\"inLanguage\":\"en-US\",\"@id\":\"https:\/\/www.flad.pt\/en\/new-rdusa-2023-grantees\/#primaryimage\",\"url\":\"https:\/\/www.flad.pt\/wp-content\/uploads\/2023\/01\/iStock-1406888053.jpg\",\"contentUrl\":\"https:\/\/www.flad.pt\/wp-content\/uploads\/2023\/01\/iStock-1406888053.jpg\",\"width\":1254,\"height\":837,\"caption\":\"A group of cheerful graduates holding diplomas or certificates up together and celebrating success. Diverse multiethnic young students in black robes graduating outside university college institution\"},{\"@type\":\"BreadcrumbList\",\"@id\":\"https:\/\/www.flad.pt\/en\/new-rdusa-2023-grantees\/#breadcrumb\",\"itemListElement\":[{\"@type\":\"ListItem\",\"position\":1,\"name\":\"In\u00edcio\",\"item\":\"https:\/\/www.flad.pt\/en\/\"},{\"@type\":\"ListItem\",\"position\":2,\"name\":\"New R&#038;D@USA grantees first semester 2023\"}]},{\"@type\":\"WebSite\",\"@id\":\"https:\/\/www.flad.pt\/en\/#website\",\"url\":\"https:\/\/www.flad.pt\/en\/\",\"name\":\"FLAD\",\"description\":\"Funda\u00e7\u00e3o Luso-Americana para o Desenvolvimento\",\"publisher\":{\"@id\":\"https:\/\/www.flad.pt\/en\/#organization\"},\"potentialAction\":[{\"@type\":\"SearchAction\",\"target\":{\"@type\":\"EntryPoint\",\"urlTemplate\":\"https:\/\/www.flad.pt\/en\/?s={search_term_string}\"},\"query-input\":{\"@type\":\"PropertyValueSpecification\",\"valueRequired\":true,\"valueName\":\"search_term_string\"}}],\"inLanguage\":\"en-US\"},{\"@type\":\"Organization\",\"@id\":\"https:\/\/www.flad.pt\/en\/#organization\",\"name\":\"FLAD\",\"url\":\"https:\/\/www.flad.pt\/en\/\",\"logo\":{\"@type\":\"ImageObject\",\"inLanguage\":\"en-US\",\"@id\":\"https:\/\/www.flad.pt\/en\/#\/schema\/logo\/image\/\",\"url\":\"https:\/\/www.flad.pt\/wp-content\/uploads\/2019\/11\/flad_vermelho.jpg\",\"contentUrl\":\"https:\/\/www.flad.pt\/wp-content\/uploads\/2019\/11\/flad_vermelho.jpg\",\"width\":1024,\"height\":1024,\"caption\":\"FLAD\"},\"image\":{\"@id\":\"https:\/\/www.flad.pt\/en\/#\/schema\/logo\/image\/\"},\"sameAs\":[\"https:\/\/www.facebook.com\/FundacaoLusoAmericana\",\"https:\/\/x.com\/FLAD_PT\",\"https:\/\/www.linkedin.com\/company\/fundacao-luso-americana-flad-\/\",\"https:\/\/www.youtube.com\/channel\/UCzy4add3qeIFfJB4bmC9Dog\"]},{\"@type\":\"Person\",\"@id\":\"https:\/\/www.flad.pt\/en\/#\/schema\/person\/fe2edaacae709db5a4eb9e763a2ffbbc\",\"name\":\"In\u00eas Braizinha\",\"image\":{\"@type\":\"ImageObject\",\"inLanguage\":\"en-US\",\"@id\":\"https:\/\/www.flad.pt\/en\/#\/schema\/person\/image\/522284c375ada78dbdfe20c2235f7229\",\"url\":\"https:\/\/secure.gravatar.com\/avatar\/08aa222dc904e2e520e583473d9e23e5452f770f49e5bbcb0fe6b5fb6c9f60e0?s=96&d=mm&r=g\",\"contentUrl\":\"https:\/\/secure.gravatar.com\/avatar\/08aa222dc904e2e520e583473d9e23e5452f770f49e5bbcb0fe6b5fb6c9f60e0?s=96&d=mm&r=g\",\"caption\":\"In\u00eas Braizinha\"}}]}<\/script>\n<!-- \/ Yoast SEO plugin. -->","yoast_head_json":{"title":"New R&D@USA grantees first semester 2023 - FLAD","description":"FLAD has already selected the candidates for the R&D@USA 2023 grants that will go to do research in academic institutions in the US.","robots":{"index":"index","follow":"follow","max-snippet":"max-snippet:-1","max-image-preview":"max-image-preview:large","max-video-preview":"max-video-preview:-1"},"canonical":"https:\/\/www.flad.pt\/en\/new-rdusa-2023-grantees\/","og_locale":"en_US","og_type":"article","og_title":"New R&D@USA grantees first semester 2023 - FLAD","og_description":"FLAD has already selected the candidates for the R&D@USA 2023 grants that will go to do research in academic institutions in the US.","og_url":"https:\/\/www.flad.pt\/en\/new-rdusa-2023-grantees\/","og_site_name":"FLAD","article_publisher":"https:\/\/www.facebook.com\/FundacaoLusoAmericana","article_published_time":"2023-01-25T12:47:37+00:00","article_modified_time":"2023-01-26T10:49:25+00:00","og_image":[{"width":1254,"height":837,"url":"https:\/\/www.flad.pt\/wp-content\/uploads\/2023\/01\/iStock-1406888053.jpg","type":"image\/jpeg"}],"author":"In\u00eas Braizinha","twitter_card":"summary_large_image","twitter_creator":"@FLAD_PT","twitter_site":"@FLAD_PT","twitter_misc":{"Written by":"In\u00eas Braizinha","Est. reading time":"3 minutes"},"schema":{"@context":"https:\/\/schema.org","@graph":[{"@type":"Article","@id":"https:\/\/www.flad.pt\/en\/new-rdusa-2023-grantees\/#article","isPartOf":{"@id":"https:\/\/www.flad.pt\/en\/new-rdusa-2023-grantees\/"},"author":{"name":"In\u00eas Braizinha","@id":"https:\/\/www.flad.pt\/en\/#\/schema\/person\/fe2edaacae709db5a4eb9e763a2ffbbc"},"headline":"New R&#038;D@USA grantees first semester 2023","datePublished":"2023-01-25T12:47:37+00:00","dateModified":"2023-01-26T10:49:25+00:00","mainEntityOfPage":{"@id":"https:\/\/www.flad.pt\/en\/new-rdusa-2023-grantees\/"},"wordCount":469,"publisher":{"@id":"https:\/\/www.flad.pt\/en\/#organization"},"image":{"@id":"https:\/\/www.flad.pt\/en\/new-rdusa-2023-grantees\/#primaryimage"},"thumbnailUrl":"https:\/\/www.flad.pt\/wp-content\/uploads\/2023\/01\/iStock-1406888053.jpg","keywords":["2000","Investiga\u00e7\u00e3o","Science","flad, 2000","R&amp;D\/USA","innovation","Bags","Research","flad"],"articleSection":["@FLAD","Opportunities FLAD","@FLAD - Ci\u00eancia e Tecnologia"],"inLanguage":"en-US"},{"@type":"WebPage","@id":"https:\/\/www.flad.pt\/en\/new-rdusa-2023-grantees\/","url":"https:\/\/www.flad.pt\/en\/new-rdusa-2023-grantees\/","name":"New R&D@USA grantees first semester 2023 - FLAD","isPartOf":{"@id":"https:\/\/www.flad.pt\/en\/#website"},"primaryImageOfPage":{"@id":"https:\/\/www.flad.pt\/en\/new-rdusa-2023-grantees\/#primaryimage"},"image":{"@id":"https:\/\/www.flad.pt\/en\/new-rdusa-2023-grantees\/#primaryimage"},"thumbnailUrl":"https:\/\/www.flad.pt\/wp-content\/uploads\/2023\/01\/iStock-1406888053.jpg","datePublished":"2023-01-25T12:47:37+00:00","dateModified":"2023-01-26T10:49:25+00:00","description":"FLAD has already selected the candidates for the R&D@USA 2023 grants that will go to do research in academic institutions in the US.","breadcrumb":{"@id":"https:\/\/www.flad.pt\/en\/new-rdusa-2023-grantees\/#breadcrumb"},"inLanguage":"en-US","potentialAction":[{"@type":"ReadAction","target":["https:\/\/www.flad.pt\/en\/new-rdusa-2023-grantees\/"]}]},{"@type":"ImageObject","inLanguage":"en-US","@id":"https:\/\/www.flad.pt\/en\/new-rdusa-2023-grantees\/#primaryimage","url":"https:\/\/www.flad.pt\/wp-content\/uploads\/2023\/01\/iStock-1406888053.jpg","contentUrl":"https:\/\/www.flad.pt\/wp-content\/uploads\/2023\/01\/iStock-1406888053.jpg","width":1254,"height":837,"caption":"A group of cheerful graduates holding diplomas or certificates up together and celebrating success. Diverse multiethnic young students in black robes graduating outside university college institution"},{"@type":"BreadcrumbList","@id":"https:\/\/www.flad.pt\/en\/new-rdusa-2023-grantees\/#breadcrumb","itemListElement":[{"@type":"ListItem","position":1,"name":"In\u00edcio","item":"https:\/\/www.flad.pt\/en\/"},{"@type":"ListItem","position":2,"name":"New R&#038;D@USA grantees first semester 2023"}]},{"@type":"WebSite","@id":"https:\/\/www.flad.pt\/en\/#website","url":"https:\/\/www.flad.pt\/en\/","name":"FLAD","description":"Funda\u00e7\u00e3o Luso-Americana para o Desenvolvimento","publisher":{"@id":"https:\/\/www.flad.pt\/en\/#organization"},"potentialAction":[{"@type":"SearchAction","target":{"@type":"EntryPoint","urlTemplate":"https:\/\/www.flad.pt\/en\/?s={search_term_string}"},"query-input":{"@type":"PropertyValueSpecification","valueRequired":true,"valueName":"search_term_string"}}],"inLanguage":"en-US"},{"@type":"Organization","@id":"https:\/\/www.flad.pt\/en\/#organization","name":"FLAD","url":"https:\/\/www.flad.pt\/en\/","logo":{"@type":"ImageObject","inLanguage":"en-US","@id":"https:\/\/www.flad.pt\/en\/#\/schema\/logo\/image\/","url":"https:\/\/www.flad.pt\/wp-content\/uploads\/2019\/11\/flad_vermelho.jpg","contentUrl":"https:\/\/www.flad.pt\/wp-content\/uploads\/2019\/11\/flad_vermelho.jpg","width":1024,"height":1024,"caption":"FLAD"},"image":{"@id":"https:\/\/www.flad.pt\/en\/#\/schema\/logo\/image\/"},"sameAs":["https:\/\/www.facebook.com\/FundacaoLusoAmericana","https:\/\/x.com\/FLAD_PT","https:\/\/www.linkedin.com\/company\/fundacao-luso-americana-flad-\/","https:\/\/www.youtube.com\/channel\/UCzy4add3qeIFfJB4bmC9Dog"]},{"@type":"Person","@id":"https:\/\/www.flad.pt\/en\/#\/schema\/person\/fe2edaacae709db5a4eb9e763a2ffbbc","name":"In\u00eas Braizinha","image":{"@type":"ImageObject","inLanguage":"en-US","@id":"https:\/\/www.flad.pt\/en\/#\/schema\/person\/image\/522284c375ada78dbdfe20c2235f7229","url":"https:\/\/secure.gravatar.com\/avatar\/08aa222dc904e2e520e583473d9e23e5452f770f49e5bbcb0fe6b5fb6c9f60e0?s=96&d=mm&r=g","contentUrl":"https:\/\/secure.gravatar.com\/avatar\/08aa222dc904e2e520e583473d9e23e5452f770f49e5bbcb0fe6b5fb6c9f60e0?s=96&d=mm&r=g","caption":"In\u00eas Braizinha"}}]}},"authors":[{"term_id":1204,"user_id":9,"is_guest":0,"slug":"ines-braizinha","display_name":"In\u00eas Braizinha","avatar_url":"https:\/\/secure.gravatar.com\/avatar\/08aa222dc904e2e520e583473d9e23e5452f770f49e5bbcb0fe6b5fb6c9f60e0?s=96&d=mm&r=g","author_category":"","first_name":"In\u00eas Braizinha","last_name":"","user_url":"","job_title":"","description":""}],"_links":{"self":[{"href":"https:\/\/www.flad.pt\/en\/wp-json\/wp\/v2\/posts\/103131","targetHints":{"allow":["GET"]}}],"collection":[{"href":"https:\/\/www.flad.pt\/en\/wp-json\/wp\/v2\/posts"}],"about":[{"href":"https:\/\/www.flad.pt\/en\/wp-json\/wp\/v2\/types\/post"}],"author":[{"embeddable":true,"href":"https:\/\/www.flad.pt\/en\/wp-json\/wp\/v2\/users\/9"}],"replies":[{"embeddable":true,"href":"https:\/\/www.flad.pt\/en\/wp-json\/wp\/v2\/comments?post=103131"}],"version-history":[{"count":0,"href":"https:\/\/www.flad.pt\/en\/wp-json\/wp\/v2\/posts\/103131\/revisions"}],"wp:featuredmedia":[{"embeddable":true,"href":"https:\/\/www.flad.pt\/en\/wp-json\/wp\/v2\/media\/103127"}],"wp:attachment":[{"href":"https:\/\/www.flad.pt\/en\/wp-json\/wp\/v2\/media?parent=103131"}],"wp:term":[{"taxonomy":"category","embeddable":true,"href":"https:\/\/www.flad.pt\/en\/wp-json\/wp\/v2\/categories?post=103131"},{"taxonomy":"post_tag","embeddable":true,"href":"https:\/\/www.flad.pt\/en\/wp-json\/wp\/v2\/tags?post=103131"},{"taxonomy":"author","embeddable":true,"href":"https:\/\/www.flad.pt\/en\/wp-json\/wp\/v2\/ppma_author?post=103131"}],"curies":[{"name":"wp","href":"https:\/\/api.w.org\/{rel}","templated":true}]}}