{"id":101482,"date":"2022-06-21T10:00:33","date_gmt":"2022-06-21T09:00:33","guid":{"rendered":"https:\/\/www.flad.pt\/flad-and-ciencia-viva-launch-science-award-for-younger-people\/"},"modified":"2022-06-21T10:45:36","modified_gmt":"2022-06-21T09:45:36","slug":"flad-and-ciencia-viva-launch-science-award-for-younger-people-2","status":"publish","type":"post","link":"https:\/\/www.flad.pt\/en\/flad-and-ciencia-viva-launch-science-award-for-younger-people-2\/","title":{"rendered":"FLAD Atlantic Junior Award winning teams are already known"},"content":{"rendered":"<h3>The winning team, from the Professional School of Salvaterra de Magos, created a solar-powered surface autonomous vehicle to help preserve and improve the natural conditions of the Tagus River.<\/h3>\n<p>The EPSWater (Electronic Power Saving Water) project, developed by five students of the Professional Course of Electronics Technician, Automation and Command of the Professional School of Salvaterra de Magos, is the winner of the 1st Edition of the FLAD Atlantic Junior Award, launched by FLAD and Ci\u00eancia Viva. This award, aimed at secondary and professionals schools across the country, distinguishes scientific projects focused on the Atlantic and the sustainable use of their resources.<\/p>\n<p>The winning project, which stood out from a set of 15 finalists, involved the creation of a solar-powered surface autonomous vehicle to measure pH, salinity, temperature and transparency parameters of the Tagus River water. The objective is to contribute to the preservation and improvement of its natural conditions and to a preventive intervention in the Ribatejo plains. The prototype is camouflaged and not tripable to confuse with the landscape and contribute to the preservation of the natural environment, namely the habitat of the species, being equipped with a GPS system, monitored at long distance. The school of the five students, guided by Professor Jos\u00e9 Maria Gon\u00e7alves Carvalho, will receive 2,000 euros in the form of equipment and technological materials. The winning team will also be awarded a trip to Boston, USA, where they will visit places of scientific interest.<\/p>\n<p><strong><img decoding=\"async\" class=\"wp-image-101487 aligncenter\" src=\"https:\/\/www.flad.pt\/wp-content\/uploads\/2021\/09\/FLAD_science-award-junior_post1-1-1024x1024.png\" alt=\"\" width=\"413\" height=\"413\" srcset=\"https:\/\/www.flad.pt\/wp-content\/uploads\/2021\/09\/FLAD_science-award-junior_post1-1-1024x1024.png 1024w, https:\/\/www.flad.pt\/wp-content\/uploads\/2021\/09\/FLAD_science-award-junior_post1-1-300x300.png 300w, https:\/\/www.flad.pt\/wp-content\/uploads\/2021\/09\/FLAD_science-award-junior_post1-1-150x150.png 150w, https:\/\/www.flad.pt\/wp-content\/uploads\/2021\/09\/FLAD_science-award-junior_post1-1-768x768.png 768w, https:\/\/www.flad.pt\/wp-content\/uploads\/2021\/09\/FLAD_science-award-junior_post1-1-600x600.png 600w, https:\/\/www.flad.pt\/wp-content\/uploads\/2021\/09\/FLAD_science-award-junior_post1-1-100x100.png 100w, https:\/\/www.flad.pt\/wp-content\/uploads\/2021\/09\/FLAD_science-award-junior_post1-1.png 1080w\" sizes=\"(max-width: 413px) 100vw, 413px\" \/><\/strong><\/p>\n<p><strong>Innovative leather, aquatic robot and monitoring system<\/strong><\/p>\n<p>In 2nd place was the project &#8220;CurtAlgas&#8221;, the team of the Agrupamento de Escolas de Alcanena, which aims to produce innovative leather based on algae extracts, as an alternative to the environmental impact of pollution generated by the tannery industry, the main economic activity of the region. The cash value of the prize is 2,000 euros.<\/p>\n<p>The 3rd place, in ex-aequo, was won by the AmazingROVTeam project, from the School of New Technologies of the Azores, and by OJ(Clean)Power, from the Agrupamento de Escolas Oliveira J\u00fanior (S\u00e3o Jo\u00e3o Madeira), who will share the prize of 1,500 euros. AmazingROVTeam aims to create an integrated monitoring system with three components to collect images, temperature, salinity and pH underwater. OJ(Clean)Power is an aquatic robot for recording the physical and chemical characteristics of Atlantic water, in real time, identifying potential delibrios.<\/p>\n<p>Elsa Henriques, FLAD Administrator and member of the jury, underlines the quality of the projects received, stating:<\/p>\n<blockquote><p>&#8220;The teams identified real problems and sought technological solutions in clear interaction with the surrounding community, applied previously acquired knowledge and developed new technical skills to build and validate the prototypes built.&#8221;<\/p><\/blockquote>\n<p>Ana Noronha, Executive Director of Ci\u00eancia Viva, reinforces the importance of the Award:<\/p>\n<blockquote><p>&#8220;We hope with this contest to begin to awaken the taste for engineering for the monitoring and sustainable use of the ocean and remind young people that the Atlantic, despite geographically separating the continents, creates bridges between the communities living in the Atlantic basin. The Junior Atlantic Award will be a contribution to the strengthening of these bridges.&#8221;<\/p><\/blockquote>\n<p><strong>Congratulations to all for the excellent projects!<\/strong><\/p>\n","protected":false},"excerpt":{"rendered":"<p>A solar-powered surface autonomous vehicle, innovative leather based on algae extracts, an aquatic robot and an underwater monitoring system. The winning projects of the FLAD Atl\u00e2ntico J\u00fanior Award are known.<\/p>\n","protected":false},"author":9,"featured_media":97799,"comment_status":"closed","ping_status":"open","sticky":false,"template":"","format":"standard","meta":{"footnotes":"","_links_to":"","_links_to_target":""},"categories":[421,430,501,803],"tags":[878,434,441,541,576],"ppma_author":[1204],"class_list":["post-101482","post","type-post","status-publish","format-standard","has-post-thumbnail","hentry","category-flad-ciencia-e-tecnologia","category-awards-science-and-technology","category-flad-en","category-opportunities-flad","tag-ciencia-viva-en","tag-science-award-en","tag-flad-science-award-en","tag-science","tag-tecnology"],"yoast_head":"<!-- This site is optimized with the Yoast SEO plugin v26.7 - https:\/\/yoast.com\/wordpress\/plugins\/seo\/ -->\n<title>FLAD Atlantic Junior Award winning teams are already known - FLAD<\/title>\n<meta name=\"description\" content=\"Team of the Professional School of Salvaterra de Magos was the winner of the 1st edition of the FLAD Atlantic Junior Award.\" \/>\n<meta name=\"robots\" content=\"index, follow, max-snippet:-1, max-image-preview:large, max-video-preview:-1\" \/>\n<link rel=\"canonical\" href=\"https:\/\/www.flad.pt\/en\/flad-and-ciencia-viva-launch-science-award-for-younger-people-2\/\" \/>\n<meta property=\"og:locale\" content=\"en_US\" \/>\n<meta property=\"og:type\" content=\"article\" \/>\n<meta property=\"og:title\" content=\"FLAD Atlantic Junior Award winning teams are already known - FLAD\" \/>\n<meta property=\"og:description\" content=\"Team of the Professional School of Salvaterra de Magos was the winner of the 1st edition of the FLAD Atlantic Junior Award.\" \/>\n<meta property=\"og:url\" content=\"https:\/\/www.flad.pt\/en\/flad-and-ciencia-viva-launch-science-award-for-younger-people-2\/\" \/>\n<meta property=\"og:site_name\" content=\"FLAD\" \/>\n<meta property=\"article:publisher\" content=\"https:\/\/www.facebook.com\/FundacaoLusoAmericana\" \/>\n<meta property=\"article:published_time\" content=\"2022-06-21T09:00:33+00:00\" \/>\n<meta property=\"article:modified_time\" content=\"2022-06-21T09:45:36+00:00\" \/>\n<meta property=\"og:image\" content=\"https:\/\/www.flad.pt\/wp-content\/uploads\/2021\/09\/Destaque-1.jpg\" \/>\n\t<meta property=\"og:image:width\" content=\"1920\" \/>\n\t<meta property=\"og:image:height\" content=\"1080\" \/>\n\t<meta property=\"og:image:type\" content=\"image\/jpeg\" \/>\n<meta name=\"author\" content=\"In\u00eas Braizinha\" \/>\n<meta name=\"twitter:card\" content=\"summary_large_image\" \/>\n<meta name=\"twitter:creator\" content=\"@FLAD_PT\" \/>\n<meta name=\"twitter:site\" content=\"@FLAD_PT\" \/>\n<meta name=\"twitter:label1\" content=\"Written by\" \/>\n\t<meta name=\"twitter:data1\" content=\"In\u00eas Braizinha\" \/>\n\t<meta name=\"twitter:label2\" content=\"Est. reading time\" \/>\n\t<meta name=\"twitter:data2\" content=\"4 minutes\" \/>\n<script type=\"application\/ld+json\" class=\"yoast-schema-graph\">{\"@context\":\"https:\/\/schema.org\",\"@graph\":[{\"@type\":\"Article\",\"@id\":\"https:\/\/www.flad.pt\/en\/flad-and-ciencia-viva-launch-science-award-for-younger-people-2\/#article\",\"isPartOf\":{\"@id\":\"https:\/\/www.flad.pt\/en\/flad-and-ciencia-viva-launch-science-award-for-younger-people-2\/\"},\"author\":{\"name\":\"In\u00eas Braizinha\",\"@id\":\"https:\/\/www.flad.pt\/en\/#\/schema\/person\/fe2edaacae709db5a4eb9e763a2ffbbc\"},\"headline\":\"FLAD Atlantic Junior Award winning teams are already known\",\"datePublished\":\"2022-06-21T09:00:33+00:00\",\"dateModified\":\"2022-06-21T09:45:36+00:00\",\"mainEntityOfPage\":{\"@id\":\"https:\/\/www.flad.pt\/en\/flad-and-ciencia-viva-launch-science-award-for-younger-people-2\/\"},\"wordCount\":527,\"publisher\":{\"@id\":\"https:\/\/www.flad.pt\/en\/#organization\"},\"image\":{\"@id\":\"https:\/\/www.flad.pt\/en\/flad-and-ciencia-viva-launch-science-award-for-younger-people-2\/#primaryimage\"},\"thumbnailUrl\":\"https:\/\/www.flad.pt\/wp-content\/uploads\/2021\/09\/Destaque-1.jpg\",\"keywords\":[\"Ci\u00eancia Viva\",\"Science Award\",\"FLAD Science Award\",\"Science\",\"Tecnology\"],\"articleSection\":[\"@FLAD - Ci\u00eancia e Tecnologia\",\"Awards - Science and Technology\",\"@FLAD\",\"Opportunities FLAD\"],\"inLanguage\":\"en-US\"},{\"@type\":\"WebPage\",\"@id\":\"https:\/\/www.flad.pt\/en\/flad-and-ciencia-viva-launch-science-award-for-younger-people-2\/\",\"url\":\"https:\/\/www.flad.pt\/en\/flad-and-ciencia-viva-launch-science-award-for-younger-people-2\/\",\"name\":\"FLAD Atlantic Junior Award winning teams are already known - FLAD\",\"isPartOf\":{\"@id\":\"https:\/\/www.flad.pt\/en\/#website\"},\"primaryImageOfPage\":{\"@id\":\"https:\/\/www.flad.pt\/en\/flad-and-ciencia-viva-launch-science-award-for-younger-people-2\/#primaryimage\"},\"image\":{\"@id\":\"https:\/\/www.flad.pt\/en\/flad-and-ciencia-viva-launch-science-award-for-younger-people-2\/#primaryimage\"},\"thumbnailUrl\":\"https:\/\/www.flad.pt\/wp-content\/uploads\/2021\/09\/Destaque-1.jpg\",\"datePublished\":\"2022-06-21T09:00:33+00:00\",\"dateModified\":\"2022-06-21T09:45:36+00:00\",\"description\":\"Team of the Professional School of Salvaterra de Magos was the winner of the 1st edition of the FLAD Atlantic Junior Award.\",\"breadcrumb\":{\"@id\":\"https:\/\/www.flad.pt\/en\/flad-and-ciencia-viva-launch-science-award-for-younger-people-2\/#breadcrumb\"},\"inLanguage\":\"en-US\",\"potentialAction\":[{\"@type\":\"ReadAction\",\"target\":[\"https:\/\/www.flad.pt\/en\/flad-and-ciencia-viva-launch-science-award-for-younger-people-2\/\"]}]},{\"@type\":\"ImageObject\",\"inLanguage\":\"en-US\",\"@id\":\"https:\/\/www.flad.pt\/en\/flad-and-ciencia-viva-launch-science-award-for-younger-people-2\/#primaryimage\",\"url\":\"https:\/\/www.flad.pt\/wp-content\/uploads\/2021\/09\/Destaque-1.jpg\",\"contentUrl\":\"https:\/\/www.flad.pt\/wp-content\/uploads\/2021\/09\/Destaque-1.jpg\",\"width\":1920,\"height\":1080},{\"@type\":\"BreadcrumbList\",\"@id\":\"https:\/\/www.flad.pt\/en\/flad-and-ciencia-viva-launch-science-award-for-younger-people-2\/#breadcrumb\",\"itemListElement\":[{\"@type\":\"ListItem\",\"position\":1,\"name\":\"In\u00edcio\",\"item\":\"https:\/\/www.flad.pt\/en\/\"},{\"@type\":\"ListItem\",\"position\":2,\"name\":\"FLAD Atlantic Junior Award winning teams are already known\"}]},{\"@type\":\"WebSite\",\"@id\":\"https:\/\/www.flad.pt\/en\/#website\",\"url\":\"https:\/\/www.flad.pt\/en\/\",\"name\":\"FLAD\",\"description\":\"Funda\u00e7\u00e3o Luso-Americana para o Desenvolvimento\",\"publisher\":{\"@id\":\"https:\/\/www.flad.pt\/en\/#organization\"},\"potentialAction\":[{\"@type\":\"SearchAction\",\"target\":{\"@type\":\"EntryPoint\",\"urlTemplate\":\"https:\/\/www.flad.pt\/en\/?s={search_term_string}\"},\"query-input\":{\"@type\":\"PropertyValueSpecification\",\"valueRequired\":true,\"valueName\":\"search_term_string\"}}],\"inLanguage\":\"en-US\"},{\"@type\":\"Organization\",\"@id\":\"https:\/\/www.flad.pt\/en\/#organization\",\"name\":\"FLAD\",\"url\":\"https:\/\/www.flad.pt\/en\/\",\"logo\":{\"@type\":\"ImageObject\",\"inLanguage\":\"en-US\",\"@id\":\"https:\/\/www.flad.pt\/en\/#\/schema\/logo\/image\/\",\"url\":\"https:\/\/www.flad.pt\/wp-content\/uploads\/2019\/11\/flad_vermelho.jpg\",\"contentUrl\":\"https:\/\/www.flad.pt\/wp-content\/uploads\/2019\/11\/flad_vermelho.jpg\",\"width\":1024,\"height\":1024,\"caption\":\"FLAD\"},\"image\":{\"@id\":\"https:\/\/www.flad.pt\/en\/#\/schema\/logo\/image\/\"},\"sameAs\":[\"https:\/\/www.facebook.com\/FundacaoLusoAmericana\",\"https:\/\/x.com\/FLAD_PT\",\"https:\/\/www.linkedin.com\/company\/fundacao-luso-americana-flad-\/\",\"https:\/\/www.youtube.com\/channel\/UCzy4add3qeIFfJB4bmC9Dog\"]},{\"@type\":\"Person\",\"@id\":\"https:\/\/www.flad.pt\/en\/#\/schema\/person\/fe2edaacae709db5a4eb9e763a2ffbbc\",\"name\":\"In\u00eas Braizinha\",\"image\":{\"@type\":\"ImageObject\",\"inLanguage\":\"en-US\",\"@id\":\"https:\/\/www.flad.pt\/en\/#\/schema\/person\/image\/522284c375ada78dbdfe20c2235f7229\",\"url\":\"https:\/\/secure.gravatar.com\/avatar\/08aa222dc904e2e520e583473d9e23e5452f770f49e5bbcb0fe6b5fb6c9f60e0?s=96&d=mm&r=g\",\"contentUrl\":\"https:\/\/secure.gravatar.com\/avatar\/08aa222dc904e2e520e583473d9e23e5452f770f49e5bbcb0fe6b5fb6c9f60e0?s=96&d=mm&r=g\",\"caption\":\"In\u00eas Braizinha\"}}]}<\/script>\n<!-- \/ Yoast SEO plugin. -->","yoast_head_json":{"title":"FLAD Atlantic Junior Award winning teams are already known - FLAD","description":"Team of the Professional School of Salvaterra de Magos was the winner of the 1st edition of the FLAD Atlantic Junior Award.","robots":{"index":"index","follow":"follow","max-snippet":"max-snippet:-1","max-image-preview":"max-image-preview:large","max-video-preview":"max-video-preview:-1"},"canonical":"https:\/\/www.flad.pt\/en\/flad-and-ciencia-viva-launch-science-award-for-younger-people-2\/","og_locale":"en_US","og_type":"article","og_title":"FLAD Atlantic Junior Award winning teams are already known - FLAD","og_description":"Team of the Professional School of Salvaterra de Magos was the winner of the 1st edition of the FLAD Atlantic Junior Award.","og_url":"https:\/\/www.flad.pt\/en\/flad-and-ciencia-viva-launch-science-award-for-younger-people-2\/","og_site_name":"FLAD","article_publisher":"https:\/\/www.facebook.com\/FundacaoLusoAmericana","article_published_time":"2022-06-21T09:00:33+00:00","article_modified_time":"2022-06-21T09:45:36+00:00","og_image":[{"width":1920,"height":1080,"url":"https:\/\/www.flad.pt\/wp-content\/uploads\/2021\/09\/Destaque-1.jpg","type":"image\/jpeg"}],"author":"In\u00eas Braizinha","twitter_card":"summary_large_image","twitter_creator":"@FLAD_PT","twitter_site":"@FLAD_PT","twitter_misc":{"Written by":"In\u00eas Braizinha","Est. reading time":"4 minutes"},"schema":{"@context":"https:\/\/schema.org","@graph":[{"@type":"Article","@id":"https:\/\/www.flad.pt\/en\/flad-and-ciencia-viva-launch-science-award-for-younger-people-2\/#article","isPartOf":{"@id":"https:\/\/www.flad.pt\/en\/flad-and-ciencia-viva-launch-science-award-for-younger-people-2\/"},"author":{"name":"In\u00eas Braizinha","@id":"https:\/\/www.flad.pt\/en\/#\/schema\/person\/fe2edaacae709db5a4eb9e763a2ffbbc"},"headline":"FLAD Atlantic Junior Award winning teams are already known","datePublished":"2022-06-21T09:00:33+00:00","dateModified":"2022-06-21T09:45:36+00:00","mainEntityOfPage":{"@id":"https:\/\/www.flad.pt\/en\/flad-and-ciencia-viva-launch-science-award-for-younger-people-2\/"},"wordCount":527,"publisher":{"@id":"https:\/\/www.flad.pt\/en\/#organization"},"image":{"@id":"https:\/\/www.flad.pt\/en\/flad-and-ciencia-viva-launch-science-award-for-younger-people-2\/#primaryimage"},"thumbnailUrl":"https:\/\/www.flad.pt\/wp-content\/uploads\/2021\/09\/Destaque-1.jpg","keywords":["Ci\u00eancia Viva","Science Award","FLAD Science Award","Science","Tecnology"],"articleSection":["@FLAD - Ci\u00eancia e Tecnologia","Awards - Science and Technology","@FLAD","Opportunities FLAD"],"inLanguage":"en-US"},{"@type":"WebPage","@id":"https:\/\/www.flad.pt\/en\/flad-and-ciencia-viva-launch-science-award-for-younger-people-2\/","url":"https:\/\/www.flad.pt\/en\/flad-and-ciencia-viva-launch-science-award-for-younger-people-2\/","name":"FLAD Atlantic Junior Award winning teams are already known - FLAD","isPartOf":{"@id":"https:\/\/www.flad.pt\/en\/#website"},"primaryImageOfPage":{"@id":"https:\/\/www.flad.pt\/en\/flad-and-ciencia-viva-launch-science-award-for-younger-people-2\/#primaryimage"},"image":{"@id":"https:\/\/www.flad.pt\/en\/flad-and-ciencia-viva-launch-science-award-for-younger-people-2\/#primaryimage"},"thumbnailUrl":"https:\/\/www.flad.pt\/wp-content\/uploads\/2021\/09\/Destaque-1.jpg","datePublished":"2022-06-21T09:00:33+00:00","dateModified":"2022-06-21T09:45:36+00:00","description":"Team of the Professional School of Salvaterra de Magos was the winner of the 1st edition of the FLAD Atlantic Junior Award.","breadcrumb":{"@id":"https:\/\/www.flad.pt\/en\/flad-and-ciencia-viva-launch-science-award-for-younger-people-2\/#breadcrumb"},"inLanguage":"en-US","potentialAction":[{"@type":"ReadAction","target":["https:\/\/www.flad.pt\/en\/flad-and-ciencia-viva-launch-science-award-for-younger-people-2\/"]}]},{"@type":"ImageObject","inLanguage":"en-US","@id":"https:\/\/www.flad.pt\/en\/flad-and-ciencia-viva-launch-science-award-for-younger-people-2\/#primaryimage","url":"https:\/\/www.flad.pt\/wp-content\/uploads\/2021\/09\/Destaque-1.jpg","contentUrl":"https:\/\/www.flad.pt\/wp-content\/uploads\/2021\/09\/Destaque-1.jpg","width":1920,"height":1080},{"@type":"BreadcrumbList","@id":"https:\/\/www.flad.pt\/en\/flad-and-ciencia-viva-launch-science-award-for-younger-people-2\/#breadcrumb","itemListElement":[{"@type":"ListItem","position":1,"name":"In\u00edcio","item":"https:\/\/www.flad.pt\/en\/"},{"@type":"ListItem","position":2,"name":"FLAD Atlantic Junior Award winning teams are already known"}]},{"@type":"WebSite","@id":"https:\/\/www.flad.pt\/en\/#website","url":"https:\/\/www.flad.pt\/en\/","name":"FLAD","description":"Funda\u00e7\u00e3o Luso-Americana para o Desenvolvimento","publisher":{"@id":"https:\/\/www.flad.pt\/en\/#organization"},"potentialAction":[{"@type":"SearchAction","target":{"@type":"EntryPoint","urlTemplate":"https:\/\/www.flad.pt\/en\/?s={search_term_string}"},"query-input":{"@type":"PropertyValueSpecification","valueRequired":true,"valueName":"search_term_string"}}],"inLanguage":"en-US"},{"@type":"Organization","@id":"https:\/\/www.flad.pt\/en\/#organization","name":"FLAD","url":"https:\/\/www.flad.pt\/en\/","logo":{"@type":"ImageObject","inLanguage":"en-US","@id":"https:\/\/www.flad.pt\/en\/#\/schema\/logo\/image\/","url":"https:\/\/www.flad.pt\/wp-content\/uploads\/2019\/11\/flad_vermelho.jpg","contentUrl":"https:\/\/www.flad.pt\/wp-content\/uploads\/2019\/11\/flad_vermelho.jpg","width":1024,"height":1024,"caption":"FLAD"},"image":{"@id":"https:\/\/www.flad.pt\/en\/#\/schema\/logo\/image\/"},"sameAs":["https:\/\/www.facebook.com\/FundacaoLusoAmericana","https:\/\/x.com\/FLAD_PT","https:\/\/www.linkedin.com\/company\/fundacao-luso-americana-flad-\/","https:\/\/www.youtube.com\/channel\/UCzy4add3qeIFfJB4bmC9Dog"]},{"@type":"Person","@id":"https:\/\/www.flad.pt\/en\/#\/schema\/person\/fe2edaacae709db5a4eb9e763a2ffbbc","name":"In\u00eas Braizinha","image":{"@type":"ImageObject","inLanguage":"en-US","@id":"https:\/\/www.flad.pt\/en\/#\/schema\/person\/image\/522284c375ada78dbdfe20c2235f7229","url":"https:\/\/secure.gravatar.com\/avatar\/08aa222dc904e2e520e583473d9e23e5452f770f49e5bbcb0fe6b5fb6c9f60e0?s=96&d=mm&r=g","contentUrl":"https:\/\/secure.gravatar.com\/avatar\/08aa222dc904e2e520e583473d9e23e5452f770f49e5bbcb0fe6b5fb6c9f60e0?s=96&d=mm&r=g","caption":"In\u00eas Braizinha"}}]}},"authors":[{"term_id":1204,"user_id":9,"is_guest":0,"slug":"ines-braizinha","display_name":"In\u00eas Braizinha","avatar_url":"https:\/\/secure.gravatar.com\/avatar\/08aa222dc904e2e520e583473d9e23e5452f770f49e5bbcb0fe6b5fb6c9f60e0?s=96&d=mm&r=g","author_category":"","first_name":"In\u00eas Braizinha","last_name":"","user_url":"","job_title":"","description":""}],"_links":{"self":[{"href":"https:\/\/www.flad.pt\/en\/wp-json\/wp\/v2\/posts\/101482","targetHints":{"allow":["GET"]}}],"collection":[{"href":"https:\/\/www.flad.pt\/en\/wp-json\/wp\/v2\/posts"}],"about":[{"href":"https:\/\/www.flad.pt\/en\/wp-json\/wp\/v2\/types\/post"}],"author":[{"embeddable":true,"href":"https:\/\/www.flad.pt\/en\/wp-json\/wp\/v2\/users\/9"}],"replies":[{"embeddable":true,"href":"https:\/\/www.flad.pt\/en\/wp-json\/wp\/v2\/comments?post=101482"}],"version-history":[{"count":0,"href":"https:\/\/www.flad.pt\/en\/wp-json\/wp\/v2\/posts\/101482\/revisions"}],"wp:featuredmedia":[{"embeddable":true,"href":"https:\/\/www.flad.pt\/en\/wp-json\/wp\/v2\/media\/97799"}],"wp:attachment":[{"href":"https:\/\/www.flad.pt\/en\/wp-json\/wp\/v2\/media?parent=101482"}],"wp:term":[{"taxonomy":"category","embeddable":true,"href":"https:\/\/www.flad.pt\/en\/wp-json\/wp\/v2\/categories?post=101482"},{"taxonomy":"post_tag","embeddable":true,"href":"https:\/\/www.flad.pt\/en\/wp-json\/wp\/v2\/tags?post=101482"},{"taxonomy":"author","embeddable":true,"href":"https:\/\/www.flad.pt\/en\/wp-json\/wp\/v2\/ppma_author?post=101482"}],"curies":[{"name":"wp","href":"https:\/\/api.w.org\/{rel}","templated":true}]}}